{"id":1012358,"date":"2026-02-13T09:20:45","date_gmt":"2026-02-13T14:20:45","guid":{"rendered":"https:\/\/www.ibewcanada.ca\/?p=1012358"},"modified":"2026-02-13T09:18:24","modified_gmt":"2026-02-13T14:18:24","slug":"family-day-message-from-ivp-shewchuk-2026","status":"publish","type":"post","link":"https:\/\/www.ibewcanada.ca\/fr\/news\/family-day-message-from-ivp-shewchuk-2026\/","title":{"rendered":"Message \u00e0 l\u2019occasion du jour de la Famille du VPI Shewchuk"},"content":{"rendered":"<p>Ch\u00e8res cons\u0153urs et chers confr\u00e8res,<\/p>\n<p>\u00c0 l\u2019occasion de la longue fin semaine du jour de la Famille, je tiens \u00e0 vous transmettre ainsi qu\u2019\u00e0 vos familles mes v\u0153ux de bonheur les plus chaleureux.<\/p>\n<p>Cette journ\u00e9e nous rappelle l\u2019importance de la famille et de veiller les uns sur les autres dans un contexte marqu\u00e9 par l\u2019incertitude \u00e9conomique, par la hausse du co\u00fbt de la vie et par l\u2019instabilit\u00e9 mondiale grandissante. Il s\u2019agit aussi de l\u2019occasion de r\u00e9fl\u00e9chir aux valeurs qui d\u00e9finissent notre syndicat\u00a0: la solidarit\u00e9, l\u2019\u00e9quit\u00e9 et la force du collectif.\u00a0 Ces valeurs prennent racine \u00e0 la maison et se r\u00e9pandent dans nos milieux de travail et dans nos communaut\u00e9s.<\/p>\n<p>Votre engagement collectif sans rel\u00e2che garantit l\u2019inclusion \u00e0 toute personne. J\u2019esp\u00e8re que vous prendrez ce temps pour vous reposer, pour vous rassembler et pour reconna\u00eetre la force que nous trouvons dans la famille et dans le soutien mutuel.<\/p>\n<p>Joyeux jour de la Famille.<\/p>\n<p>En toute solidarit\u00e9,<\/p>\n<table>\n<tbody>\n<tr>\n<td width=\"153\"><img fetchpriority=\"high\" decoding=\"async\" class=\"alignnone size-full wp-image-1009726\" src=\"https:\/\/www.ibewcanada.ca\/wp-content\/uploads\/2024\/12\/Russ-Headshot-Web-Circle.png\" alt=\"\" width=\"300\" height=\"300\" srcset=\"https:\/\/www.ibewcanada.ca\/wp-content\/uploads\/2024\/12\/Russ-Headshot-Web-Circle.png 300w, https:\/\/www.ibewcanada.ca\/wp-content\/uploads\/2024\/12\/Russ-Headshot-Web-Circle-150x150.png 150w\" sizes=\"(max-width: 300px) 100vw, 300px\" \/><\/td>\n<td width=\"291\">Russ Shewchuk<br \/>\nVice-pr\u00e9sident international<br \/>\nPremier District de la FIOE Canada<\/td>\n<\/tr>\n<\/tbody>\n<\/table>\n","protected":false},"excerpt":{"rendered":"<p>Ch\u00e8res cons\u0153urs et chers confr\u00e8res, \u00c0 l\u2019occasion de la longue fin semaine du jour de la Famille, je tiens \u00e0 vous transmettre ainsi qu\u2019\u00e0 vos familles mes v\u0153ux de bonheur les plus chaleureux. Cette journ\u00e9e nous rappelle l\u2019importance de la famille et de veiller les uns sur les autres dans un contexte marqu\u00e9 par l\u2019incertitude&#8230;<\/p>\n","protected":false},"author":10,"featured_media":0,"comment_status":"closed","ping_status":"closed","sticky":false,"template":"","format":"standard","meta":{"_acf_changed":false,"_genesis_hide_title":false,"_genesis_hide_breadcrumbs":false,"_genesis_hide_singular_image":false,"_genesis_hide_footer_widgets":false,"_genesis_custom_body_class":"","_genesis_custom_post_class":"","_genesis_layout":"","footnotes":""},"categories":[156],"tags":[195],"class_list":{"0":"post-1012358","1":"post","2":"type-post","3":"status-publish","4":"format-standard","6":"category-ivp-message","7":"tag-family-day","8":"entry"},"translation":{"provider":"WPGlobus","version":"3.0.2","language":"fr","enabled_languages":["en","fr"],"languages":{"en":{"title":true,"content":true,"excerpt":false},"fr":{"title":true,"content":true,"excerpt":false}}},"acf":[],"_links":{"self":[{"href":"https:\/\/www.ibewcanada.ca\/fr\/wp-json\/wp\/v2\/posts\/1012358","targetHints":{"allow":["GET"]}}],"collection":[{"href":"https:\/\/www.ibewcanada.ca\/fr\/wp-json\/wp\/v2\/posts"}],"about":[{"href":"https:\/\/www.ibewcanada.ca\/fr\/wp-json\/wp\/v2\/types\/post"}],"author":[{"embeddable":true,"href":"https:\/\/www.ibewcanada.ca\/fr\/wp-json\/wp\/v2\/users\/10"}],"replies":[{"embeddable":true,"href":"https:\/\/www.ibewcanada.ca\/fr\/wp-json\/wp\/v2\/comments?post=1012358"}],"version-history":[{"count":3,"href":"https:\/\/www.ibewcanada.ca\/fr\/wp-json\/wp\/v2\/posts\/1012358\/revisions"}],"predecessor-version":[{"id":1012361,"href":"https:\/\/www.ibewcanada.ca\/fr\/wp-json\/wp\/v2\/posts\/1012358\/revisions\/1012361"}],"wp:attachment":[{"href":"https:\/\/www.ibewcanada.ca\/fr\/wp-json\/wp\/v2\/media?parent=1012358"}],"wp:term":[{"taxonomy":"category","embeddable":true,"href":"https:\/\/www.ibewcanada.ca\/fr\/wp-json\/wp\/v2\/categories?post=1012358"},{"taxonomy":"post_tag","embeddable":true,"href":"https:\/\/www.ibewcanada.ca\/fr\/wp-json\/wp\/v2\/tags?post=1012358"}],"curies":[{"name":"wp","href":"https:\/\/api.w.org\/{rel}","templated":true}]}}