{"id":1011819,"date":"2025-09-24T15:03:24","date_gmt":"2025-09-24T19:03:24","guid":{"rendered":"https:\/\/www.ibewcanada.ca\/?p=1011819"},"modified":"2025-09-24T17:06:55","modified_gmt":"2025-09-24T21:06:55","slug":"ibew-canada-joins-coalition-urging-investment-in-east-west-power-grid","status":"publish","type":"post","link":"https:\/\/www.ibewcanada.ca\/fr\/news\/ibew-canada-joins-coalition-urging-investment-in-east-west-power-grid\/","title":{"rendered":"La FIOE Canada se joint \u00e0 une coalition pour insister \u00e0 investir dans un r\u00e9seau \u00e9lectrique est-ouest"},"content":{"rendered":"<p><img fetchpriority=\"high\" decoding=\"async\" class=\"size-large wp-image-1011823 aligncenter\" src=\"https:\/\/www.ibewcanada.ca\/wp-content\/uploads\/2025\/09\/Blog-Branner-1024x576.jpg\" alt=\"\" width=\"1024\" height=\"576\" srcset=\"https:\/\/www.ibewcanada.ca\/wp-content\/uploads\/2025\/09\/Blog-Branner-1024x576.jpg 1024w, https:\/\/www.ibewcanada.ca\/wp-content\/uploads\/2025\/09\/Blog-Branner-300x169.jpg 300w, https:\/\/www.ibewcanada.ca\/wp-content\/uploads\/2025\/09\/Blog-Branner-768x432.jpg 768w, https:\/\/www.ibewcanada.ca\/wp-content\/uploads\/2025\/09\/Blog-Branner.jpg 1200w\" sizes=\"(max-width: 1024px) 100vw, 1024px\" \/><\/p>\n<p>Lors d\u2019une conf\u00e9rence de presse tenue \u00e0 Ottawa le 23\u00a0septembre\u00a02025, la FIOE Canada s\u2019est tenue aux c\u00f4t\u00e9s d\u2019une coalition d\u2019organisations pour demander au gouvernement f\u00e9d\u00e9ral de construire un r\u00e9seau \u00e9lectrique est-ouest gr\u00e2ce aux \u00e9nergies renouvelables. Le panel r\u00e9unissait Stephen Thomas de la <a href=\"https:\/\/fr.davidsuzuki.org\/\">Fondation David Suzuki<\/a>, Melina Laboucan-Massimo de <a href=\"https:\/\/www.sacredearth.solar\/\">Sacred Earth<\/a> (anglais), Brandon Dyck de la Fraternit\u00e9 internationale des ouvriers en \u00e9lectricit\u00e9 (FIOE) Canada, Helen Hsu de <a href=\"https:\/\/cape.ca\/fr\/\">l\u2019Association canadienne des m\u00e9decins pour l\u2019environnement<\/a> et Zoe Grams de <a href=\"https:\/\/elbowsupforclimate.ca\/francais\/\">Retroussons-nous les manches pour le climat<\/a>.<\/p>\n<p>Brandon Dyck, coordonnateur aux \u00e9nergies renouvelables et aux affaires gouvernementales de la FIOE Canada, a d\u00e9clar\u00e9 aux journalistes\u00a0:<\/p>\n<p>\u00ab\u00a0Depuis plus d\u2019un si\u00e8cle, chaque fois que le Canada avait besoin d\u2019\u00e9lectricit\u00e9, les membres de la FIOE ont r\u00e9pondu \u00e0 l\u2019appel. C\u2019est nous-m\u00eame qui avons b\u00e2ti le r\u00e9seau qui alimente notre pays aujourd\u2019hui. Et nous sommes ici pour dire que nous sommes pr\u00eats \u00e0 construire le r\u00e9seau de demain.\u00a0\u00bb<\/p>\n<p>Il a poursuivi\u00a0: \u00ab\u00a0Il ne s\u2019agit pas seulement d\u2019infrastructures; il s\u2019agit de notre avenir. Miser de nouveau sur une \u00e9lectricit\u00e9 propre, abordable et facilement r\u00e9utilis\u00e9e d\u2019une province \u00e0 l\u2019autre est la cl\u00e9 de notre s\u00e9curit\u00e9 \u00e9nerg\u00e9tique \u00e0 long terme. C\u2019est une garantie d\u2019une \u00e9nergie fiable pour nos foyers et nos secteurs d\u2019activit\u00e9s et cr\u00e9era des milliers d\u2019emplois syndiqu\u00e9s, stables et bien r\u00e9mun\u00e9r\u00e9s.\u00a0\u00bb<\/p>\n<p>Durant la p\u00e9riode de questions, M.\u00a0Dyck a expliqu\u00e9 que la FIOE Canada entretient des pourparlers avec le gouvernement f\u00e9d\u00e9ral au sujet des projets \u00e0 venir et de la main-d\u2019\u0153uvre n\u00e9cessaire pour les r\u00e9aliser. Il a ajout\u00e9 que le syndicat travaille \u00e9galement avec les provinces pour appuyer les programmes de formation et de les adapter pour r\u00e9pondre \u00e0 la demande future.<\/p>\n<p>Concernant la p\u00e9nurie de main-d\u2019\u0153uvre, M.\u00a0Dyck a reconnu que de nombreux employeurs s\u2019inqui\u00e8tent du d\u00e9part \u00e0 la retraite imminent de la main-d\u2019\u0153uvre exp\u00e9riment\u00e9e. Il a soulign\u00e9 que les programmes de formation de la FIOE au Canada accueillent actuellement un nombre record d\u2019apprenties et d\u2019apprentis, gr\u00e2ce \u00e0 de solides partenariats avec les employeurs et les entrepreneurs. Il a insist\u00e9 sur le fait que les conventions collectives continuent d\u2019attirer de nouveaux travailleurs, assurant ainsi \u00e0 l\u2019industrie la capacit\u00e9 de r\u00e9pondre aux besoins des grands projets en \u00e9nergie propre.<\/p>\n<ol>\n<li>Dyck a aussi mis en relief l\u2019engagement de la FIOE Canada envers la mobilit\u00e9 de la main-d\u2019\u0153uvre. Il a expliqu\u00e9 qu\u2019\u00e0 mesure que les projets en \u00e9nergie propre verront le jour \u00e0 travers le pays, les membres du syndicat pourront se d\u00e9placer l\u00e0 o\u00f9 leur expertise est n\u00e9cessaire. Cette flexibilit\u00e9 permettra aux sections locales de la FIOE Canada de r\u00e9pondre \u00e0 la demande, m\u00eame si tous les projets ne sont pas lanc\u00e9s en m\u00eame temps.<\/li>\n<\/ol>\n<p>Il a qualifi\u00e9 l\u2019initiative d\u2019occasion de construction nationale\u00a0:<\/p>\n<p>\u00ab\u00a0En investissant dans les \u00e9nergies renouvelables et dans le transport, nous pouvons renforcer nos communaut\u00e9s, cr\u00e9er de nouvelles possibilit\u00e9s au-del\u00e0 des combustibles fossiles et b\u00e2tir un Canada plus propre et plus prosp\u00e8re pour les g\u00e9n\u00e9rations \u00e0 venir.\u00a0\u00bb<\/p>\n<p>La FIOE Canada r\u00e9affirme son engagement \u00e0 travailler de concert avec les gouvernements, l\u2019industrie, les communaut\u00e9s autochtones et les partenaires environnementaux pour r\u00e9aliser les projets n\u00e9cessaires pour le Canada. La comp\u00e9tence de ses membres sera au c\u0153ur de la transition vers la carboneutralit\u00e9, en b\u00e2tissant \u00e0 la fois le r\u00e9seau et \u00e0 cr\u00e9er de bons emplois sur lesquels les Canadiennes et les Canadiens pourront compter.<\/p>\n<p>La vid\u00e9o int\u00e9grale de l\u2019\u00e9v\u00e9nement est disponible ici\u00a0: <a href=\"https:\/\/www.youtube.com\/watch?v=1zY2_CkVG4w\">YouTube<\/a> (anglais)<\/p>\n<p><iframe title=\"YouTube video player\" src=\"https:\/\/www.youtube.com\/embed\/1zY2_CkVG4w?si=VBCJPnQc9RTbC4Pw\" width=\"560\" height=\"315\" frameborder=\"0\" allowfullscreen=\"allowfullscreen\"><\/iframe><\/p>\n<p>IBEW Canada<\/p>\n<div style=\"padding: 177.78% 0 0 0; position: relative;\"><iframe style=\"position: absolute; top: 0; left: 0; width: 50%; height: 50%;\" title=\"IBEW Canada Speaks at Lobby Day\" src=\"https:\/\/player.vimeo.com\/video\/1121632412?badge=0&amp;autopause=0&amp;player_id=0&amp;app_id=58479\" frameborder=\"0\"><span data-mce-type=\"bookmark\" style=\"display: inline-block; width: 0px; overflow: hidden; line-height: 0;\" class=\"mce_SELRES_start\">\ufeff<\/span><\/iframe><\/div>\n<p><script src=\"https:\/\/player.vimeo.com\/api\/player.js\"><\/script><\/p>\n","protected":false},"excerpt":{"rendered":"<p>Lors d\u2019une conf\u00e9rence de presse tenue \u00e0 Ottawa le 23\u00a0septembre\u00a02025, la FIOE Canada s\u2019est tenue aux c\u00f4t\u00e9s d\u2019une coalition d\u2019organisations pour demander au gouvernement f\u00e9d\u00e9ral de construire un r\u00e9seau \u00e9lectrique est-ouest gr\u00e2ce aux \u00e9nergies renouvelables. Le panel r\u00e9unissait Stephen Thomas de la Fondation David Suzuki, Melina Laboucan-Massimo de Sacred Earth (anglais), Brandon Dyck de la&#8230;<\/p>\n","protected":false},"author":10,"featured_media":0,"comment_status":"closed","ping_status":"closed","sticky":false,"template":"","format":"standard","meta":{"_acf_changed":false,"_genesis_hide_title":false,"_genesis_hide_breadcrumbs":false,"_genesis_hide_singular_image":false,"_genesis_hide_footer_widgets":false,"_genesis_custom_body_class":"","_genesis_custom_post_class":"","_genesis_layout":"","footnotes":""},"categories":[33],"tags":[170,50,27],"class_list":{"0":"post-1011819","1":"post","2":"type-post","3":"status-publish","4":"format-standard","6":"category-political-action","7":"tag-canadian-east-west-power-grid","8":"tag-clean-energy","9":"tag-political-action","10":"entry"},"translation":{"provider":"WPGlobus","version":"3.0.2","language":"fr","enabled_languages":["en","fr"],"languages":{"en":{"title":true,"content":true,"excerpt":false},"fr":{"title":true,"content":true,"excerpt":false}}},"acf":[],"_links":{"self":[{"href":"https:\/\/www.ibewcanada.ca\/fr\/wp-json\/wp\/v2\/posts\/1011819","targetHints":{"allow":["GET"]}}],"collection":[{"href":"https:\/\/www.ibewcanada.ca\/fr\/wp-json\/wp\/v2\/posts"}],"about":[{"href":"https:\/\/www.ibewcanada.ca\/fr\/wp-json\/wp\/v2\/types\/post"}],"author":[{"embeddable":true,"href":"https:\/\/www.ibewcanada.ca\/fr\/wp-json\/wp\/v2\/users\/10"}],"replies":[{"embeddable":true,"href":"https:\/\/www.ibewcanada.ca\/fr\/wp-json\/wp\/v2\/comments?post=1011819"}],"version-history":[{"count":5,"href":"https:\/\/www.ibewcanada.ca\/fr\/wp-json\/wp\/v2\/posts\/1011819\/revisions"}],"predecessor-version":[{"id":1011826,"href":"https:\/\/www.ibewcanada.ca\/fr\/wp-json\/wp\/v2\/posts\/1011819\/revisions\/1011826"}],"wp:attachment":[{"href":"https:\/\/www.ibewcanada.ca\/fr\/wp-json\/wp\/v2\/media?parent=1011819"}],"wp:term":[{"taxonomy":"category","embeddable":true,"href":"https:\/\/www.ibewcanada.ca\/fr\/wp-json\/wp\/v2\/categories?post=1011819"},{"taxonomy":"post_tag","embeddable":true,"href":"https:\/\/www.ibewcanada.ca\/fr\/wp-json\/wp\/v2\/tags?post=1011819"}],"curies":[{"name":"wp","href":"https:\/\/api.w.org\/{rel}","templated":true}]}}