{"id":1009624,"date":"2024-11-08T19:18:57","date_gmt":"2024-11-09T00:18:57","guid":{"rendered":"https:\/\/www.ibewcanada.ca\/?p=1009624"},"modified":"2024-11-11T12:12:06","modified_gmt":"2024-11-11T17:12:06","slug":"ibew-leaders-bring-engagement-and-enthusiasm-to-first-week-of-new-business-manager-training","status":"publish","type":"post","link":"https:\/\/www.ibewcanada.ca\/fr\/news\/ibew-leaders-bring-engagement-and-enthusiasm-to-first-week-of-new-business-manager-training\/","title":{"rendered":"Les leaders de la FIOE am\u00e8nent l\u2019engagement et l\u2019enthousiasme \u00e0 la premi\u00e8re semaine de la formation \u00e0 l\u2019intention des nouveaux g\u00e9rants d\u2019affaires"},"content":{"rendered":"<figure id=\"attachment_1009625\" aria-describedby=\"caption-attachment-1009625\" style=\"width: 936px\" class=\"wp-caption aligncenter\"><img fetchpriority=\"high\" decoding=\"async\" class=\"wp-image-1009625 size-full\" src=\"https:\/\/www.ibewcanada.ca\/wp-content\/uploads\/2024\/11\/image.png\" alt=\"\" width=\"936\" height=\"534\" srcset=\"https:\/\/www.ibewcanada.ca\/wp-content\/uploads\/2024\/11\/image.png 936w, https:\/\/www.ibewcanada.ca\/wp-content\/uploads\/2024\/11\/image-300x171.png 300w, https:\/\/www.ibewcanada.ca\/wp-content\/uploads\/2024\/11\/image-768x438.png 768w\" sizes=\"(max-width: 936px) 100vw, 936px\" \/><figcaption id=\"caption-attachment-1009625\" class=\"wp-caption-text\">Cours 2025 de la formation \u00e0 l\u2019intention des nouveaux g\u00e9rants d\u2019affaires du Premier District de la FIOE<\/figcaption><\/figure>\n<p>Cette semaine, les leaders de la FIOE de partout au Canada ont particip\u00e9 \u00e0 la formation \u00e0 l\u2019intention des nouveaux g\u00e9rants d\u2019affaires de la FIOE \u00e0 Winnipeg au Manitoba. Ce cours exhaustif de deux semaines est con\u00e7u pour doter les leaders de la FIOE d\u2019informations essentielles, de ressources et de comp\u00e9tences pour mieux mener les affaires quotidiennes de leur section locale.<\/p>\n<p>Au cours de la semaine un de cette formation, l\u2019\u00e9ducation est ax\u00e9e sur diff\u00e9rentes obligations juridiques, financi\u00e8res et fiduciaires qui incombent aux g\u00e9rants d\u2019affaires et sur les processus mis en place pour garantir le respect de ces obligations. Au cours de la semaine deux, les participantes et les participants apprendront les strat\u00e9gies pour g\u00e9rer les op\u00e9rations quotidiennes exigeantes du bureau de la section locale. Les sujets trait\u00e9s sont\u00a0: le travail d\u2019\u00e9quipe, la gestion du temps, la r\u00e9solution de conflits, la n\u00e9gociation et le d\u00e9veloppement des affaires.<\/p>\n<p>La formation de cette semaine comprenait une session de discussion avec le vice-pr\u00e9sident international, Russ Shewchuk. Les participants ont discut\u00e9 avec le VPI de diff\u00e9rents sujets, entre autres\u00a0: les r\u00e8gles et les proc\u00e9dures de la FIOE, les conventions collectives, les responsabilit\u00e9s du leadership et la planification de la rel\u00e8ve.<\/p>\n<p>Le groupe hautement engag\u00e9 a favoris\u00e9 des discussions int\u00e9ressantes qui ont permis de mieux comprendre les processus et les proc\u00e9dures des sections locales de la FIOE.<\/p>\n<p>\u00ab\u00a0C\u2019\u00e9tait pour moi un immense plaisir de me joindre \u00e0 la formation \u00e0 l\u2019intention des nouveaux g\u00e9rants d\u2019affaires \u2013 semaine\u00a01 avec les g\u00e9rants d\u2019affaires, les pr\u00e9sidents et l\u2019ex\u00e9cutif nouvellement \u00e9lus d\u2019un bout \u00e0 l\u2019autre du pays\u00a0\u00bb, d\u00e9clare M.\u00a0Shewchuk. \u00ab\u00a0Je tiens \u00e0 remercier ce formidable groupe du District\u00a01. Leur participation et leurs id\u00e9es cette semaine \u00e9taient extraordinaires et je suis tr\u00e8s fier de les appuyer.\u00a0\u00bb<\/p>\n<p>Le VPI Shewchuk a soulign\u00e9 que des situations peuvent se pr\u00e9senter o\u00f9 des conseils suppl\u00e9mentaires peuvent \u00eatre n\u00e9cessaires. \u00ab\u00a0En cas de doute, faites appel \u00e0 votre repr\u00e9sentant international. Nos repr\u00e9sentants sont ici pour aider, partager avec vous des connaissances et fournir des informations pour aider nos leaders des sections locales \u00e0 prendre des d\u00e9cisions \u00e9clair\u00e9es.\u00a0\u00bb<\/p>\n<p>Un merci tout particulier \u00e0 nos sp\u00e9cialistes de l\u2019\u00e9ducation Jim Watson et Richard Prasad d\u2019avoir dirig\u00e9 la formation, au repr\u00e9sentant international Paul Dolsen de son expertise et aux repr\u00e9sentants internationaux Mike LeBlanc et Rich Di Pietro d\u2019avoir aid\u00e9 \u00e0 animer les sessions.<\/p>\n<p>Semaine deux de cette formation continuera en fin janvier 2025 \u00e0 Saint John au Nouveau-Brunswick.<\/p>\n","protected":false},"excerpt":{"rendered":"<p>Cette semaine, les leaders de la FIOE de partout au Canada ont particip\u00e9 \u00e0 la formation \u00e0 l\u2019intention des nouveaux g\u00e9rants d\u2019affaires de la FIOE \u00e0 Winnipeg au Manitoba. Ce cours exhaustif de deux semaines est con\u00e7u pour doter les leaders de la FIOE d\u2019informations essentielles, de ressources et de comp\u00e9tences pour mieux mener les&#8230;<\/p>\n","protected":false},"author":10,"featured_media":0,"comment_status":"closed","ping_status":"closed","sticky":false,"template":"","format":"standard","meta":{"_acf_changed":false,"_genesis_hide_title":false,"_genesis_hide_breadcrumbs":false,"_genesis_hide_singular_image":false,"_genesis_hide_footer_widgets":false,"_genesis_custom_body_class":"","_genesis_custom_post_class":"","_genesis_layout":"","footnotes":""},"categories":[84],"tags":[86,85],"class_list":{"0":"post-1009624","1":"post","2":"type-post","3":"status-publish","4":"format-standard","6":"category-training-and-education","7":"tag-ibew-leadership","8":"tag-new-business-manager-training","9":"entry"},"translation":{"provider":"WPGlobus","version":"3.0.2","language":"fr","enabled_languages":["en","fr"],"languages":{"en":{"title":true,"content":true,"excerpt":false},"fr":{"title":true,"content":true,"excerpt":false}}},"acf":[],"_links":{"self":[{"href":"https:\/\/www.ibewcanada.ca\/fr\/wp-json\/wp\/v2\/posts\/1009624","targetHints":{"allow":["GET"]}}],"collection":[{"href":"https:\/\/www.ibewcanada.ca\/fr\/wp-json\/wp\/v2\/posts"}],"about":[{"href":"https:\/\/www.ibewcanada.ca\/fr\/wp-json\/wp\/v2\/types\/post"}],"author":[{"embeddable":true,"href":"https:\/\/www.ibewcanada.ca\/fr\/wp-json\/wp\/v2\/users\/10"}],"replies":[{"embeddable":true,"href":"https:\/\/www.ibewcanada.ca\/fr\/wp-json\/wp\/v2\/comments?post=1009624"}],"version-history":[{"count":0,"href":"https:\/\/www.ibewcanada.ca\/fr\/wp-json\/wp\/v2\/posts\/1009624\/revisions"}],"wp:attachment":[{"href":"https:\/\/www.ibewcanada.ca\/fr\/wp-json\/wp\/v2\/media?parent=1009624"}],"wp:term":[{"taxonomy":"category","embeddable":true,"href":"https:\/\/www.ibewcanada.ca\/fr\/wp-json\/wp\/v2\/categories?post=1009624"},{"taxonomy":"post_tag","embeddable":true,"href":"https:\/\/www.ibewcanada.ca\/fr\/wp-json\/wp\/v2\/tags?post=1009624"}],"curies":[{"name":"wp","href":"https:\/\/api.w.org\/{rel}","templated":true}]}}