{"id":1009580,"date":"2024-10-11T07:29:55","date_gmt":"2024-10-11T12:29:55","guid":{"rendered":"https:\/\/www.ibewcanada.ca\/?p=1009580"},"modified":"2024-10-11T08:31:04","modified_gmt":"2024-10-11T13:31:04","slug":"message-du-vpi-russ-shewchuk-joyeuse-action-de-graces","status":"publish","type":"post","link":"https:\/\/www.ibewcanada.ca\/fr\/news\/message-du-vpi-russ-shewchuk-joyeuse-action-de-graces\/","title":{"rendered":"Message \u00e0 l\u2019occasion de l\u2019Action de gr\u00e2ces"},"content":{"rendered":"<div style=\"padding: 56.25% 0 0 0; position: relative;\"><iframe style=\"position: absolute; top: 0; left: 0; width: 100%; height: 100%;\" title=\"Thanksgiving Message from IVP Shewchuk\" src=\"https:\/\/player.vimeo.com\/video\/1018648456?badge=0&amp;autopause=0&amp;player_id=0&amp;app_id=58479\" frameborder=\"0\"><\/iframe><\/div>\n<p><script src=\"https:\/\/player.vimeo.com\/api\/player.js\"><\/script><\/p>\n<p style=\"font-weight: 400;\"><span lang=\"FR-CA\">Chers confr\u00e8res et ch\u00e8res cons\u0153urs,<\/span><\/p>\n<p style=\"font-weight: 400;\">\u00c0 l\u2019approche de l\u2019Action de gr\u00e2ces, je me trouve \u00e0 r\u00e9fl\u00e9chir sur sa signification, l\u2019occasion d\u2019exprimer sa gratitude, l\u2019unit\u00e9 et la reconnaissance de nos efforts collectifs dans nos communaut\u00e9s et sur les lieux de travail.<\/p>\n<p style=\"font-weight: 400;\">Enracin\u00e9e dans la tradition du rassemblement, l\u2019Action de gr\u00e2ces refl\u00e8te l\u2019esprit de la FIOE et du mouvement syndical dans son ensemble. Cette f\u00eate nous rappelle du pouvoir de l\u2019unit\u00e9, de l\u2019importance de c\u00e9l\u00e9brer nos r\u00e9alisations et de donner notre appr\u00e9ciation \u00e0 l\u2019\u00e9gard du fruit de notre travail collectif.<\/p>\n<p style=\"font-weight: 400;\">En cette occasion, je tiens \u00e0 exprimer ma plus profonde gratitude pour votre d\u00e9vouement de pr\u00e9server les valeurs de notre syndicat. Votre d\u00e9vouement enrichit le fondement de notre syndicat et renforce les communaut\u00e9s que nous servons. Alors que nous nous appr\u00eatons \u00e0 nous r\u00e9unir entre amis et famille, veuillez vous rappeler des personnes qui sont moins fortun\u00e9es et de ceux et celles qui travaillent d\u2019arrache-pied pour rendre nos vies plus s\u00e9curitaire et confortable pendant ce jour f\u00e9ri\u00e9.<\/p>\n<p style=\"font-weight: 400;\">Continuons \u00e0 faire preuve d\u2019appui et de solidarit\u00e9 \u00e0 ces personnes par le biais d\u2019actions caritatives et d\u2019actes de bont\u00e9.<\/p>\n<p style=\"font-weight: 400;\">Au nom de tout le personnel de la FIOE Canada, je tiens \u00e0 vous souhaiter et \u00e0 vos proches une joyeuse Action de gr\u00e2ces pass\u00e9e en toute s\u00e9curit\u00e9.<\/p>\n<p style=\"font-weight: 400;\">En toute solidarit\u00e9,<\/p>\n<p>Russ Shewchuk<br \/>\nVPI, FIOE Canada<\/p>\n","protected":false},"excerpt":{"rendered":"<p>Chers confr\u00e8res et ch\u00e8res cons\u0153urs, \u00c0 l\u2019approche de l\u2019Action de gr\u00e2ces, je me trouve \u00e0 r\u00e9fl\u00e9chir sur sa signification, l\u2019occasion d\u2019exprimer sa gratitude, l\u2019unit\u00e9 et la reconnaissance de nos efforts collectifs dans nos communaut\u00e9s et sur les lieux de travail. Enracin\u00e9e dans la tradition du rassemblement, l\u2019Action de gr\u00e2ces refl\u00e8te l\u2019esprit de la FIOE et&#8230;<\/p>\n","protected":false},"author":10,"featured_media":0,"comment_status":"closed","ping_status":"closed","sticky":false,"template":"","format":"standard","meta":{"_acf_changed":false,"_genesis_hide_title":false,"_genesis_hide_breadcrumbs":false,"_genesis_hide_singular_image":false,"_genesis_hide_footer_widgets":false,"_genesis_custom_body_class":"","_genesis_custom_post_class":"","_genesis_layout":"","footnotes":""},"categories":[8],"tags":[],"class_list":{"0":"post-1009580","1":"post","2":"type-post","3":"status-publish","4":"format-standard","6":"category-announcement","7":"entry"},"translation":{"provider":"WPGlobus","version":"3.0.2","language":"fr","enabled_languages":["en","fr"],"languages":{"en":{"title":true,"content":true,"excerpt":false},"fr":{"title":true,"content":true,"excerpt":false}}},"acf":[],"_links":{"self":[{"href":"https:\/\/www.ibewcanada.ca\/fr\/wp-json\/wp\/v2\/posts\/1009580","targetHints":{"allow":["GET"]}}],"collection":[{"href":"https:\/\/www.ibewcanada.ca\/fr\/wp-json\/wp\/v2\/posts"}],"about":[{"href":"https:\/\/www.ibewcanada.ca\/fr\/wp-json\/wp\/v2\/types\/post"}],"author":[{"embeddable":true,"href":"https:\/\/www.ibewcanada.ca\/fr\/wp-json\/wp\/v2\/users\/10"}],"replies":[{"embeddable":true,"href":"https:\/\/www.ibewcanada.ca\/fr\/wp-json\/wp\/v2\/comments?post=1009580"}],"version-history":[{"count":0,"href":"https:\/\/www.ibewcanada.ca\/fr\/wp-json\/wp\/v2\/posts\/1009580\/revisions"}],"wp:attachment":[{"href":"https:\/\/www.ibewcanada.ca\/fr\/wp-json\/wp\/v2\/media?parent=1009580"}],"wp:term":[{"taxonomy":"category","embeddable":true,"href":"https:\/\/www.ibewcanada.ca\/fr\/wp-json\/wp\/v2\/categories?post=1009580"},{"taxonomy":"post_tag","embeddable":true,"href":"https:\/\/www.ibewcanada.ca\/fr\/wp-json\/wp\/v2\/tags?post=1009580"}],"curies":[{"name":"wp","href":"https:\/\/api.w.org\/{rel}","templated":true}]}}