{"id":1007259,"date":"2022-11-04T15:59:44","date_gmt":"2022-11-04T15:59:44","guid":{"rendered":"https:\/\/www.ibewcanada.ca\/?p=1007259"},"modified":"2022-11-04T16:10:34","modified_gmt":"2022-11-04T16:10:34","slug":"canadian-women-find-solidarity-in-embassy-visit","status":"publish","type":"post","link":"https:\/\/www.ibewcanada.ca\/fr\/news\/canadian-women-find-solidarity-in-embassy-visit\/","title":{"rendered":"Des Canadiennes trouvent la solidarit\u00e9 lors d&#8217;une visite \u00e0 l&#8217;Ambassade"},"content":{"rendered":"<p>Les Canadiennes qui ont particip\u00e9 \u00e0 la Conf\u00e9rence destin\u00e9e aux femmes \u00e0 Washington n&#8217;ont pas \u00e9t\u00e9 en reste lorsqu&#8217;elles \u00e9taient parmi les personnes influentes de la capitale.<\/p>\n<p>Pendant que leurs cons\u0153urs am\u00e9ricaines rencontraient les l\u00e9gislateurs au Capitole le 7 septembre, la d\u00e9l\u00e9gation du Nord compos\u00e9e de 30 membres a profit\u00e9 d&#8217;une visite VIP \u00e0 l&#8217;ambassade de leur nation et discut\u00e9es avec la premi\u00e8re femme canadienne ambassadrice du Canada aux \u00c9tats-Unis.<\/p>\n<p>\u00ab\u202fC&#8217;\u00e9tait une exp\u00e9rience incroyable\u202f\u00bb, d\u00e9clare Marina Luporini, une assistante g\u00e9rante d&#8217;affaires de la section locale 258 \u00e0 Vancouver en Colombie-Britannique. \u00ab\u202fJ&#8217;\u00e9tais un peu en admiration. Pour moi, ce fut le point culminant de la conf\u00e9rence\u202f\u00bb.<\/p>\n<p>Sa coll\u00e8gue Dayna Gill de la section locale 258, \u00e9galement assistante g\u00e9rante d&#8217;affaires et pr\u00e9sidente du comit\u00e9 destin\u00e9 aux femmes du local \u00e9tait d&#8217;accord. \u00ab\u202fPour nous, visiter les \u00c9tats-Unis et voir une autre femme du Canada en position de leadership \u00e9tait tr\u00e8s inspirant\u202f\u00bb, dit-elle.<\/p>\n<p>En mars 2020, Kirsten Hillman a \u00e9t\u00e9 nomm\u00e9e ambassadrice, une diplomate poss\u00e9dant des ann\u00e9es d&#8217;exp\u00e9rience \u00e0 titre de n\u00e9gociatrice pour le commerce international. Mais elle ne s&#8217;est pas attard\u00e9e \u00e0 son curriculum aupr\u00e8s des invit\u00e9s de la FIOE.<\/p>\n<p>\u00ab\u202fElle voulait se promener dans la salle et rencontrer nos membres afin d&#8217;en apprendre davantage sur leurs secteurs d&#8217;activit\u00e9s. Elle \u00e9tait particuli\u00e8rement int\u00e9ress\u00e9e par les r\u00f4les non traditionnels qu&#8217;occupent les femmes\u202f\u00bb, mentionne Cheryl Paron, repr\u00e9sentante internationale du premier district au sein du d\u00e9partement de la participation civique et communautaire.<\/p>\n<p>L&#8217;ambassade elle-m\u00eame a \u00e9galement \u00e9merveill\u00e9 les visiteurs qui ont eu l&#8217;honneur d&#8217;\u00eatre le premier groupe \u00e0 la visiter depuis la pand\u00e9mie de la COVID-19.<\/p>\n<p>Elles ont imm\u00e9diatement \u00e9t\u00e9 impressionn\u00e9es par la taille et sa splendeur moderniste ainsi que son emplacement bien en vue sur Pennsylvania Avenue \u00e0 un coin de rue au nord du National Mall. C&#8217;est la seule ambassade entre le Capitole et la Maison-Blanche.<\/p>\n<p>\u00ab\u202fOn n&#8217;avait pas vraiment l&#8217;impression que c&#8217;\u00e9tait une ambassade\u202f\u00bb, formule Paron. Les \u0153uvres et l&#8217;architecture \u00e9taient magnifiques. Le Canada est bien repr\u00e9sent\u00e9, y compris l&#8217;hommage rendu \u00e0 notre peuple autochtone.<\/p>\n<p>La premi\u00e8re ambassade canadienne \u00e9tait situ\u00e9e parmi d&#8217;autres demeures consulaires au nord-ouest de Washington dans une maison achet\u00e9e de la veuve d&#8217;un financier qui est d\u00e9c\u00e9d\u00e9 sur le Titanic.<\/p>\n<p>D\u00e8s la fin des ann\u00e9es 60, plus d&#8217;espace \u00e9tait requis pour les diplomates. Un lot bien situ\u00e9 au centre-ville qui \u00e9tait occup\u00e9 par la salle d&#8217;exposition de Ford, dans les premi\u00e8res ann\u00e9es de l&#8217;automobile, \u00e9tait vacant et les \u00c9tats-Unis l&#8217;ont offert au Canada pour un co\u00fbt modeste de 4,5 millions de dollars.<\/p>\n<p>Construit depuis du marbre canadien brut, l&#8217;ext\u00e9rieur met en vedette une chute d&#8217;eau; une statue mythique de l&#8217;Esprit de Haida Gwali, une fois repr\u00e9sent\u00e9 sur le billet de 20 $; et 12 piliers qui repr\u00e9sentent les 10 provinces et les deux premiers territoires de la nation. Un embl\u00e8me a \u00e9t\u00e9 ajout\u00e9 quand le Nunavut est devenu un territoire ind\u00e9pendant en 1999.<\/p>\n<p>En se promenant \u00e0 l&#8217;int\u00e9rieur, le groupe est pass\u00e9 devant une multitude d&#8217;\u0153uvres canadienne d&#8217;une qualit\u00e9 mus\u00e9ale et autres tr\u00e9sors, notamment des chandails de hockey autographi\u00e9s par des joueurs c\u00e9l\u00e8bres.<\/p>\n<p>Meaghan Olmstead, assistante g\u00e9rante d&#8217;affaires de la section locale 2228 d&#8217;Ottawa, a surtout remarqu\u00e9 l&#8217;engagement de l&#8217;ambassade \u00e0 l&#8217;\u00e9gard de l&#8217;environnement.<\/p>\n<p>\u00ab\u202fMon parcours professionnel est l&#8217;\u00e9nergie renouvelable, j&#8217;\u00e9tais donc particuli\u00e8rement contente quand j&#8217;ai vu la certification LEED platine, le plus haut niveau d\u00e9cern\u00e9 aux b\u00e2timents \u00e9cologiques\u202f\u00bb, formule Olmstead. \u00ab\u202fL&#8217;ambassade en entier est r\u00e9ellement fond\u00e9e sur l&#8217;\u00e9nergie renouvelable et l&#8217;\u00e9cologie, c&#8217;\u00e9tait un grand moment pour moi.\u202f\u00bb<\/p>\n<p><a href=\"https:\/\/www.ibewcanada.ca\/wp-content\/uploads\/2022\/11\/N49.1122.large_.jpg\"><img fetchpriority=\"high\" decoding=\"async\" class=\"alignleft size-full wp-image-1007260\" src=\"https:\/\/www.ibewcanada.ca\/wp-content\/uploads\/2022\/11\/N49.1122.large_.jpg\" alt=\"\" width=\"432\" height=\"324\" srcset=\"https:\/\/www.ibewcanada.ca\/wp-content\/uploads\/2022\/11\/N49.1122.large_.jpg 432w, https:\/\/www.ibewcanada.ca\/wp-content\/uploads\/2022\/11\/N49.1122.large_-300x225.jpg 300w\" sizes=\"(max-width: 432px) 100vw, 432px\" \/><\/a>La visite \u00e9tait tellement une source de fiert\u00e9 que les Canadiennes se sont mises \u00e0 chanter au milieu des piliers \u00e0 l&#8217;ext\u00e9rieur. Connu sous le nom de Rotunda of the Provinces, cache un secret de sonorit\u00e9 sous son toit en d\u00f4me.<\/p>\n<p>\u00ab\u202fOn dirait qu&#8217;il renvoie l&#8217;\u00e9cho de nos voix\u202f\u00bb, dit Luporini. \u00ab\u202fL&#8217;ensemble de notre groupe est rest\u00e9 en place et a entonn\u00e9 &#8220;\u00d4 Canada&#8221;. C&#8217;\u00e9tait si patriotique.\u202f\u00bb<\/p>\n<p>Organis\u00e9e par Paron un mois \u00e0 l&#8217;avance, c&#8217;\u00e9tait encore plus significatif qu&#8217;elle ne l&#8217;aurait imagin\u00e9, dit-elle.<\/p>\n<p>\u00ab\u202fIl ne s&#8217;agissait pas juste d&#8217;un autre \u00e9difice gouvernemental \u00e0 Washington, c&#8217;\u00e9tait notre \u00e9difice et c&#8217;\u00e9tait si important de nous y voir et d&#8217;y voir notre histoire\u202f\u00bb, dit-elle. \u00ab\u202fC&#8217;\u00e9tait vraiment agr\u00e9able d&#8217;avoir une partie du Canada avec nous pendant que nous assistions \u00e0 la conf\u00e9rence aux \u00c9tats-Unis.\u202f\u00bb<\/p>\n","protected":false},"excerpt":{"rendered":"<p>Les Canadiennes qui ont particip\u00e9 \u00e0 la Conf\u00e9rence destin\u00e9e aux femmes \u00e0 Washington n&#8217;ont pas \u00e9t\u00e9 en reste lorsqu&#8217;elles \u00e9taient parmi les personnes influentes de la capitale. Pendant que leurs cons\u0153urs am\u00e9ricaines rencontraient les l\u00e9gislateurs au Capitole le 7 septembre, la d\u00e9l\u00e9gation du Nord compos\u00e9e de 30 membres a profit\u00e9 d&#8217;une visite VIP \u00e0 l&#8217;ambassade&#8230;<\/p>\n","protected":false},"author":4,"featured_media":0,"comment_status":"open","ping_status":"closed","sticky":false,"template":"","format":"standard","meta":{"_acf_changed":false,"_genesis_hide_title":false,"_genesis_hide_breadcrumbs":false,"_genesis_hide_singular_image":false,"_genesis_hide_footer_widgets":false,"_genesis_custom_body_class":"","_genesis_custom_post_class":"","_genesis_layout":"","footnotes":""},"categories":[1],"tags":[],"class_list":{"0":"post-1007259","1":"post","2":"type-post","3":"status-publish","4":"format-standard","6":"category-uncategorized","7":"entry"},"translation":{"provider":"WPGlobus","version":"3.0.2","language":"fr","enabled_languages":["en","fr"],"languages":{"en":{"title":true,"content":true,"excerpt":false},"fr":{"title":true,"content":true,"excerpt":false}}},"acf":[],"_links":{"self":[{"href":"https:\/\/www.ibewcanada.ca\/fr\/wp-json\/wp\/v2\/posts\/1007259","targetHints":{"allow":["GET"]}}],"collection":[{"href":"https:\/\/www.ibewcanada.ca\/fr\/wp-json\/wp\/v2\/posts"}],"about":[{"href":"https:\/\/www.ibewcanada.ca\/fr\/wp-json\/wp\/v2\/types\/post"}],"author":[{"embeddable":true,"href":"https:\/\/www.ibewcanada.ca\/fr\/wp-json\/wp\/v2\/users\/4"}],"replies":[{"embeddable":true,"href":"https:\/\/www.ibewcanada.ca\/fr\/wp-json\/wp\/v2\/comments?post=1007259"}],"version-history":[{"count":0,"href":"https:\/\/www.ibewcanada.ca\/fr\/wp-json\/wp\/v2\/posts\/1007259\/revisions"}],"wp:attachment":[{"href":"https:\/\/www.ibewcanada.ca\/fr\/wp-json\/wp\/v2\/media?parent=1007259"}],"wp:term":[{"taxonomy":"category","embeddable":true,"href":"https:\/\/www.ibewcanada.ca\/fr\/wp-json\/wp\/v2\/categories?post=1007259"},{"taxonomy":"post_tag","embeddable":true,"href":"https:\/\/www.ibewcanada.ca\/fr\/wp-json\/wp\/v2\/tags?post=1007259"}],"curies":[{"name":"wp","href":"https:\/\/api.w.org\/{rel}","templated":true}]}}