{"id":1006751,"date":"2022-08-09T14:55:44","date_gmt":"2022-08-09T14:55:44","guid":{"rendered":"https:\/\/www.ibewcanada.ca\/?p=1006751"},"modified":"2022-08-09T17:11:13","modified_gmt":"2022-08-09T17:11:13","slug":"ontario-local-partners-with-area-first-nations-on-pre-apprenticeship-program","status":"publish","type":"post","link":"https:\/\/www.ibewcanada.ca\/fr\/news\/ontario-local-partners-with-area-first-nations-on-pre-apprenticeship-program\/","title":{"rendered":"Le local en Ontario s&#8217;associe avec les premi\u00e8res nations"},"content":{"rendered":"<p>Dans le but d&#8217;augmenter le nombre des jeunes membres autochtones, la section locale 120 situ\u00e9e \u00e0 London en Ontario a r\u00e9cemment mis en place un programme pr\u00e9alable \u00e0 l&#8217;apprentissage en partenariat avec le groupe des premi\u00e8res nations.<\/p>\n<p>D\u00e9but\u00e9 en avril et dirig\u00e9 par la Premi\u00e8re Nation des Chippewas de la Thames et en partenariat avec le local 120, le programme a pour but d&#8217;aider les jeunes autochtones \u00e0 acqu\u00e9rir des comp\u00e9tences techniques et \u00e0 obtenir une certification professionnelle. Ce programme les aide \u00e9galement \u00e0 trouver un emploi dans les m\u00e9tiers sp\u00e9cialis\u00e9s.<\/p>\n<p>\u00ab\u202fCe programme donne la chance que les jeunes dans les communaut\u00e9s autochtones ont rarement\u202f\u00bb, d\u00e9clare Jason Martincich, l&#8217;instructeur en chef du programme. \u00ab\u202fEn r\u00e9ussissant les formations et de se voir accorder la certification, non seulement qu&#8217;elle d\u00e9veloppe des comp\u00e9tences, mais elle donne aussi confiance, ce qui aide \u00e0 la sant\u00e9 mentale avec le sentiment de r\u00e9ussite.\u202f\u00bb<\/p>\n<p>Le coordonnateur de la formation du local 120, Brad Gard, mentionne que les leaders du local cherchaient \u00e0 s&#8217;engager davantage dans la communaut\u00e9 et d&#8217;apr\u00e8s leur premi\u00e8re r\u00e9union avec la Premi\u00e8re Nation des Chippewas de la Thames, ils se sont convenu \u00e0 un partenariat.<\/p>\n<p>\u00ab\u202fNous souhaitons que ce programme suscite de l&#8217;int\u00e9r\u00eat dans les m\u00e9tiers, particuli\u00e8rement dans le domaine de l&#8217;\u00e9lectricit\u00e9, et assure une meilleure repr\u00e9sentation aux Autochtones dans la FIOE\u202f\u00bb, d\u00e9clare Gard. \u00ab\u202fNous voulons que ces \u00e9tudiants deviennent des mentors aux jeunes \u00e0 venir et aux prochaines g\u00e9n\u00e9rations.\u202f\u00bb<\/p>\n<p>Financ\u00e9 gr\u00e2ce au ministre du Travail, de l&#8217;Immigration, de la Formation, et du D\u00e9veloppement des comp\u00e9tences, ce programme est offert au peuple autochtone \u00e2g\u00e9 de 18 \u00e0 30 ans provenant de London et les premi\u00e8res nations autour, dont la Nation Munsee-Delaware, la Nation des Oneidas de la Thames et la Nation de Chippewas de la Thames.<\/p>\n<p>Environ 150 \u00e9tudiantes et \u00e9tudiants ont particip\u00e9 au programme de trois \u00e9tapes. Chaque semaine, douze \u00e9tudiants apprennent de nouvelles comp\u00e9tences comme les premiers soins, la r\u00e9daction d&#8217;un curriculum vitae, la pr\u00e9paration \u00e0 une entrevue et une formation sur la diversit\u00e9. La deuxi\u00e8me \u00e9tape est limit\u00e9e \u00e0 100 de ces participants et offre une formation sur un chantier de construction. La derni\u00e8re \u00e9tape est r\u00e9serv\u00e9e \u00e0 50 \u00e9tudiants qui vont acqu\u00e9rir des comp\u00e9tences transf\u00e9rables leur permettant de travailler dans n&#8217;importe quel m\u00e9tier. Par la suite, jusqu&#8217;\u00e0 cinq participants seront choisis pour suivre une formation en apprentissage r\u00e9mun\u00e9r\u00e9e.<\/p>\n<p>\u00ab\u202fCe programme est important \u00e0 bien des \u00e9gards. Nous avons d\u00e9j\u00e0 vu plusieurs \u00e9tudiants terminer la premi\u00e8re \u00e9tape, 73 jusqu&#8217;\u00e0 pr\u00e9sent, et les commentaires re\u00e7us indiquent qu&#8217;ils ont davantage confiance en eux. Ils veulent y aller tous les jours et ils ont du plaisir\u202f\u00bb, d\u00e9clare Meaghan MacLeod, la gestionnaire de projet du programme.<\/p>\n<p>Les participantes et les participants ont acc\u00e8s \u00e0 des services comme un transport et un diner gratuits et re\u00e7oivent une subvention salariale de 120 $\u202fpar jour.<\/p>\n<p>\u00ab\u202fCes aides sont de la plus haute importance, sinon plusieurs de ces jeunes ne pourront pas y participer,\u202f\u00bb mentionne Gard. \u00ab\u202fLes fardeaux auxquels ces jeunes sont confront\u00e9s sont invisibles pour la plupart des gens, ils s&#8217;agissent de violence et du mauvais traitement dans le milieu familial, jusqu&#8217;au manque de transport et la s\u00e9curit\u00e9 alimentaire.\u202f\u00bb<\/p>\n<p>Bien que les comp\u00e9tences acquises puissent \u00eatre communes pour plusieurs formations en apprentissage, la seule chose qui diff\u00e8re est l&#8217;\u00e9l\u00e9ment culturel. Chaque lundi de chaque nouveau cours, ils commencent par une purification par la fum\u00e9e, ou un rituel de purification, la langue et un chant ex\u00e9cut\u00e9 par un tambour \u00e0 la main men\u00e9 par l&#8217;un des conseillers d&#8217;un \u00e9tudiant de la Premi\u00e8re Nation des Chippewas de la Thames.<\/p>\n<p>\u00ab\u202fIl est imp\u00e9ratif de r\u00e9tablir les liens entre l&#8217;\u00e9ducation et la culture, car nous offrons un environnement adapt\u00e9 \u00e0 la culture de ces \u00e9tudiants dans notre local\u202f\u00bb, mentionne Martincich. \u00ab\u202fC&#8217;est important de reconnaitre que plusieurs de ces \u00e9tudiants ont \u00e9t\u00e9 forc\u00e9s d&#8217;abandonner leur patrimoine culturel. En apprenant \u00e0 connaitre leur culture et \u00e0 \u00e9tablir ce programme pour l&#8217;am\u00e9liorer, nous croyons \u00eatre en mesure de combler l&#8217;\u00e9cart entre nos communaut\u00e9s pour le l&#8217;int\u00e9r\u00eat de tous.\u202f\u00bb<\/p>\n<p>Gard et Martincich font remarquer, au meilleure de leurs connaissances, que ce programme est le premier en son genre dans la province et esp\u00e8rent ne pas \u00eatre le dernier.<\/p>\n<p>\u00ab\u202fPour toutes les sections locales qui sont int\u00e9ress\u00e9es, je vous recommande de contacter les communaut\u00e9s autochtones locales et d&#8217;\u00e9valuer leur niveau d&#8217;int\u00e9r\u00eat\u202f\u00bb, dit Gard. \u00ab\u202fEnsuite, essayer d&#8217;\u00e9tablir un partenariat avec eux et demander du financement du gouvernement pour vous aider \u00e0 mettre le programme en place. Nous serons ravis de vous aider.\u202f\u00bb<\/p>\n<p>&nbsp;<\/p>\n<p><em><a href=\"https:\/\/www.ibewcanada.ca\/wp-content\/uploads\/2022\/08\/augEW-e1660056814723.jpg\"><img decoding=\"async\" class=\"alignleft size-full wp-image-1006752\" src=\"https:\/\/www.ibewcanada.ca\/wp-content\/uploads\/2022\/08\/augEW-e1660056814723.jpg\" alt=\"\" width=\"200\" height=\"233\" \/><\/a>(\u00c0 gauche) La section locale 120 situ\u00e9e \u00e0 London, Ontario s\u2019est associ\u00e9e avec les groupes des Premi\u00e8res Nations de la r\u00e9gion pour mettre en place un programme pr\u00e9alable \u00e0 l\u2019apprentissage destin\u00e9 aux jeunes autochtones. Comme illustr\u00e9 dans cette photo, les \u00e9tudiantes et les \u00e9tudiants ont appris les notions de base en secourisme dans le cadre des trois \u00e9tapes du programme.<br \/>\n<\/em><\/p>\n<p>&nbsp;<\/p>\n","protected":false},"excerpt":{"rendered":"<p>Dans le but d&#8217;augmenter le nombre des jeunes membres autochtones, la section locale 120 situ\u00e9e \u00e0 London en Ontario a r\u00e9cemment mis en place un programme pr\u00e9alable \u00e0 l&#8217;apprentissage en partenariat avec le groupe des premi\u00e8res nations. D\u00e9but\u00e9 en avril et dirig\u00e9 par la Premi\u00e8re Nation des Chippewas de la Thames et en partenariat avec&#8230;<\/p>\n","protected":false},"author":4,"featured_media":0,"comment_status":"open","ping_status":"closed","sticky":false,"template":"","format":"standard","meta":{"_acf_changed":false,"_genesis_hide_title":false,"_genesis_hide_breadcrumbs":false,"_genesis_hide_singular_image":false,"_genesis_hide_footer_widgets":false,"_genesis_custom_body_class":"","_genesis_custom_post_class":"","_genesis_layout":"","footnotes":""},"categories":[1],"tags":[],"class_list":{"0":"post-1006751","1":"post","2":"type-post","3":"status-publish","4":"format-standard","6":"category-uncategorized","7":"entry"},"translation":{"provider":"WPGlobus","version":"3.0.2","language":"fr","enabled_languages":["en","fr"],"languages":{"en":{"title":true,"content":true,"excerpt":false},"fr":{"title":true,"content":true,"excerpt":false}}},"acf":[],"_links":{"self":[{"href":"https:\/\/www.ibewcanada.ca\/fr\/wp-json\/wp\/v2\/posts\/1006751","targetHints":{"allow":["GET"]}}],"collection":[{"href":"https:\/\/www.ibewcanada.ca\/fr\/wp-json\/wp\/v2\/posts"}],"about":[{"href":"https:\/\/www.ibewcanada.ca\/fr\/wp-json\/wp\/v2\/types\/post"}],"author":[{"embeddable":true,"href":"https:\/\/www.ibewcanada.ca\/fr\/wp-json\/wp\/v2\/users\/4"}],"replies":[{"embeddable":true,"href":"https:\/\/www.ibewcanada.ca\/fr\/wp-json\/wp\/v2\/comments?post=1006751"}],"version-history":[{"count":0,"href":"https:\/\/www.ibewcanada.ca\/fr\/wp-json\/wp\/v2\/posts\/1006751\/revisions"}],"wp:attachment":[{"href":"https:\/\/www.ibewcanada.ca\/fr\/wp-json\/wp\/v2\/media?parent=1006751"}],"wp:term":[{"taxonomy":"category","embeddable":true,"href":"https:\/\/www.ibewcanada.ca\/fr\/wp-json\/wp\/v2\/categories?post=1006751"},{"taxonomy":"post_tag","embeddable":true,"href":"https:\/\/www.ibewcanada.ca\/fr\/wp-json\/wp\/v2\/tags?post=1006751"}],"curies":[{"name":"wp","href":"https:\/\/api.w.org\/{rel}","templated":true}]}}