{"id":1005381,"date":"2020-12-11T20:18:10","date_gmt":"2020-12-11T20:18:10","guid":{"rendered":"https:\/\/www.ibewcanada.ca\/?p=1005381"},"modified":"2020-12-14T18:46:28","modified_gmt":"2020-12-14T18:46:28","slug":"ibew-canadas-response-to-prime-ministers-climate-plan-announcement","status":"publish","type":"post","link":"https:\/\/www.ibewcanada.ca\/fr\/news\/ibew-canadas-response-to-prime-ministers-climate-plan-announcement\/","title":{"rendered":"La r\u00e9ponse de la FIOE Canada au sujet de l\u2019annonce du plan climatique du premier ministre"},"content":{"rendered":"<p><a href=\"https:\/\/www.ibewcanada.ca\/wp-content\/uploads\/2020\/12\/IBEW-Statement-on-Todays-Enhanced-Climate-Plan-Announcement-FR.pdf\">PDF<\/a><\/p>\n<p>Le vice-pr\u00e9sident international Tom Reid a fait la d\u00e9claration suivante au sujet de l\u2019annonce sur le plan climatique renforc\u00e9 du Canada du premier ministre Justin Trudeau :<\/p>\n<p>\u00ab J\u2019applaudis le leadership du premier ministre qui a annonc\u00e9 ce plan important pour rem\u00e9dier au probl\u00e8me du changement climatique tout en soutenant les emplois bien r\u00e9mun\u00e9r\u00e9s et les familles.<\/p>\n<p>Les membres de la FIOE hautement qualifi\u00e9s sont form\u00e9s et pr\u00eats \u00e0 assumer ces emplois importants. L\u2019engagement du gouvernement d\u2019investir dans les b\u00e2timents verts et les r\u00e9novations, dans l\u2019\u00e9lectrification du transport public et priv\u00e9 et de moderniser les r\u00e9seaux exigera le type de connaissance et de comp\u00e9tences dont les membres de la FIOE font preuve dans leur travail de tous les jours.<\/p>\n<p>La formation et l\u2019apprentissage en \u00e9lectricit\u00e9 de la FIOE sont in\u00e9gal\u00e9s, et les emplois qui sont cr\u00e9\u00e9s gr\u00e2ce \u00e0 ce plan ambitieux contribueront \u00e0 la formation de la prochaine g\u00e9n\u00e9ration de travailleuses et travailleurs qualifi\u00e9s en \u00e9lectricit\u00e9 du Canada.<\/p>\n<p>Nous sommes d\u00e9termin\u00e9s \u00e0 travailler au c\u00f4t\u00e9 du gouvernement pour aider les Canadiennes et les Canadiens et les entreprises canadiennes \u00e0 atteindre notre objectif climatique et de prot\u00e9ger notre environnement pour les prochaines g\u00e9n\u00e9rations. \u00bb<\/p>\n<p style=\"text-align: center;\">###<br \/>\nLa Fraternit\u00e9 internationale des ouvriers en \u00e9lectricit\u00e9 repr\u00e9sente environ 70 000 membres au Canada et 775 000 membres et retrait\u00e9s en Am\u00e9rique du Nord qui oeuvrent dans plusieurs secteurs d\u2019activit\u00e9s, tels que : le secteur de la construction, les services publics, la fabrication, les t\u00e9l\u00e9communications, la radiodiffusion, les chemins de fer le gouvernement.<\/p>\n","protected":false},"excerpt":{"rendered":"<p>PDF Le vice-pr\u00e9sident international Tom Reid a fait la d\u00e9claration suivante au sujet de l\u2019annonce sur le plan climatique renforc\u00e9 du Canada du premier ministre Justin Trudeau : \u00ab J\u2019applaudis le leadership du premier ministre qui a annonc\u00e9 ce plan important pour rem\u00e9dier au probl\u00e8me du changement climatique tout en soutenant les emplois bien r\u00e9mun\u00e9r\u00e9s&#8230;<\/p>\n","protected":false},"author":10,"featured_media":0,"comment_status":"open","ping_status":"closed","sticky":false,"template":"","format":"standard","meta":{"_acf_changed":false,"_genesis_hide_title":false,"_genesis_hide_breadcrumbs":false,"_genesis_hide_singular_image":false,"_genesis_hide_footer_widgets":false,"_genesis_custom_body_class":"","_genesis_custom_post_class":"","_genesis_layout":"","footnotes":""},"categories":[1],"tags":[],"class_list":{"0":"post-1005381","1":"post","2":"type-post","3":"status-publish","4":"format-standard","6":"category-uncategorized","7":"entry"},"translation":{"provider":"WPGlobus","version":"3.0.2","language":"fr","enabled_languages":["en","fr"],"languages":{"en":{"title":true,"content":true,"excerpt":false},"fr":{"title":true,"content":true,"excerpt":false}}},"acf":[],"_links":{"self":[{"href":"https:\/\/www.ibewcanada.ca\/fr\/wp-json\/wp\/v2\/posts\/1005381","targetHints":{"allow":["GET"]}}],"collection":[{"href":"https:\/\/www.ibewcanada.ca\/fr\/wp-json\/wp\/v2\/posts"}],"about":[{"href":"https:\/\/www.ibewcanada.ca\/fr\/wp-json\/wp\/v2\/types\/post"}],"author":[{"embeddable":true,"href":"https:\/\/www.ibewcanada.ca\/fr\/wp-json\/wp\/v2\/users\/10"}],"replies":[{"embeddable":true,"href":"https:\/\/www.ibewcanada.ca\/fr\/wp-json\/wp\/v2\/comments?post=1005381"}],"version-history":[{"count":0,"href":"https:\/\/www.ibewcanada.ca\/fr\/wp-json\/wp\/v2\/posts\/1005381\/revisions"}],"wp:attachment":[{"href":"https:\/\/www.ibewcanada.ca\/fr\/wp-json\/wp\/v2\/media?parent=1005381"}],"wp:term":[{"taxonomy":"category","embeddable":true,"href":"https:\/\/www.ibewcanada.ca\/fr\/wp-json\/wp\/v2\/categories?post=1005381"},{"taxonomy":"post_tag","embeddable":true,"href":"https:\/\/www.ibewcanada.ca\/fr\/wp-json\/wp\/v2\/tags?post=1005381"}],"curies":[{"name":"wp","href":"https:\/\/api.w.org\/{rel}","templated":true}]}}