{"id":1004040,"date":"2019-10-11T12:15:41","date_gmt":"2019-10-11T12:15:41","guid":{"rendered":"https:\/\/www.ibewcanada.ca\/?p=1004040"},"modified":"2019-10-11T12:51:24","modified_gmt":"2019-10-11T12:51:24","slug":"happy-thanksgiving-give-thanks","status":"publish","type":"post","link":"https:\/\/www.ibewcanada.ca\/fr\/news\/happy-thanksgiving-give-thanks\/","title":{"rendered":"Joyeuse Action de gr\u00e2ces \u2013 Rendre gr\u00e2ce"},"content":{"rendered":"<h5 style=\"text-align: center;\">Un message du Vice-pr\u00e9sident international Tom Reid du premier district de la FIOE:<\/h5>\n<p><em>Bonjour,<\/em><\/p>\n<p><em>C\u2019est en 1957 que l\u2019Action de gr\u00e2ces au Canada est devenue un jour f\u00e9ri\u00e9 c\u00e9l\u00e9br\u00e9 le deuxi\u00e8me lundi d\u2019octobre. Cette Journ\u00e9e donne l\u2019occasion aux gens de remercier la bonne r\u00e9colte ainsi qu\u2019\u00e0 d\u2019autres richesses obtenues en cours d\u2019ann\u00e9e.<\/em><\/p>\n<p><em>Prenez plaisir \u00e0 c\u00e9l\u00e9brer cette Journ\u00e9e, non seulement qu\u2019elle souligne un moment agr\u00e9able en famille et la bonne nourriture, mais tenons \u00e0 exprimer notre reconnaissance \u00e0 tous les travailleurs et les travailleuses qui ont b\u00e2ti notre mouvement syndical. C\u2019est gr\u00e2ce \u00e0 eux et elles qu\u2019aujourd\u2019hui nous r\u00e9coltons le fruit de leur labeur \u00e0 travers les n\u00e9gociations de nos conventions collectives et les l\u00e9gislations si vaillamment battues pour les mettre en place.\u00a0<\/em><\/p>\n<p><em>Je souhaite que le long week-end de l\u2019Action de gr\u00e2ces vous soit des plus agr\u00e9ables et pass\u00e9 en toute s\u00e9curit\u00e9. Il est important de passer du temps avec votre famille ainsi qu\u2019avec vos amis et amies et mettez de c\u00f4t\u00e9 le stress que peut engendrer votre travail dans votre vie quotidienne.\u00a0<\/em><\/p>\n<p><em>Cette Journ\u00e9e nous permet de rendre gr\u00e2ce \u00e0 toutes les b\u00e9n\u00e9dictions dont nous jouissons dans vos vies et nous vous souhaitons une belle f\u00eate de l\u2019Action de gr\u00e2ces\u2009!!!!<\/em><\/p>\n<p><em>En toute solidarit\u00e9,<\/em><\/p>\n<p><em>Tom Reid, VPI<\/em><\/p>\n<p>&nbsp;<\/p>\n","protected":false},"excerpt":{"rendered":"<p>Un message du Vice-pr\u00e9sident international Tom Reid du premier district de la FIOE: Bonjour, C\u2019est en 1957 que l\u2019Action de gr\u00e2ces au Canada est devenue un jour f\u00e9ri\u00e9 c\u00e9l\u00e9br\u00e9 le deuxi\u00e8me lundi d\u2019octobre. Cette Journ\u00e9e donne l\u2019occasion aux gens de remercier la bonne r\u00e9colte ainsi qu\u2019\u00e0 d\u2019autres richesses obtenues en cours d\u2019ann\u00e9e. Prenez plaisir \u00e0&#8230;<\/p>\n","protected":false},"author":4,"featured_media":0,"comment_status":"open","ping_status":"closed","sticky":false,"template":"","format":"standard","meta":{"_acf_changed":false,"_genesis_hide_title":false,"_genesis_hide_breadcrumbs":false,"_genesis_hide_singular_image":false,"_genesis_hide_footer_widgets":false,"_genesis_custom_body_class":"","_genesis_custom_post_class":"","_genesis_layout":"","footnotes":""},"categories":[1],"tags":[],"class_list":{"0":"post-1004040","1":"post","2":"type-post","3":"status-publish","4":"format-standard","6":"category-uncategorized","7":"entry"},"translation":{"provider":"WPGlobus","version":"3.0.2","language":"fr","enabled_languages":["en","fr"],"languages":{"en":{"title":true,"content":true,"excerpt":false},"fr":{"title":true,"content":true,"excerpt":false}}},"acf":[],"_links":{"self":[{"href":"https:\/\/www.ibewcanada.ca\/fr\/wp-json\/wp\/v2\/posts\/1004040","targetHints":{"allow":["GET"]}}],"collection":[{"href":"https:\/\/www.ibewcanada.ca\/fr\/wp-json\/wp\/v2\/posts"}],"about":[{"href":"https:\/\/www.ibewcanada.ca\/fr\/wp-json\/wp\/v2\/types\/post"}],"author":[{"embeddable":true,"href":"https:\/\/www.ibewcanada.ca\/fr\/wp-json\/wp\/v2\/users\/4"}],"replies":[{"embeddable":true,"href":"https:\/\/www.ibewcanada.ca\/fr\/wp-json\/wp\/v2\/comments?post=1004040"}],"version-history":[{"count":0,"href":"https:\/\/www.ibewcanada.ca\/fr\/wp-json\/wp\/v2\/posts\/1004040\/revisions"}],"wp:attachment":[{"href":"https:\/\/www.ibewcanada.ca\/fr\/wp-json\/wp\/v2\/media?parent=1004040"}],"wp:term":[{"taxonomy":"category","embeddable":true,"href":"https:\/\/www.ibewcanada.ca\/fr\/wp-json\/wp\/v2\/categories?post=1004040"},{"taxonomy":"post_tag","embeddable":true,"href":"https:\/\/www.ibewcanada.ca\/fr\/wp-json\/wp\/v2\/tags?post=1004040"}],"curies":[{"name":"wp","href":"https:\/\/api.w.org\/{rel}","templated":true}]}}