{"id":1003168,"date":"2019-04-26T15:26:26","date_gmt":"2019-04-26T15:26:26","guid":{"rendered":"https:\/\/www.ibewcanada.ca\/?p=1003168"},"modified":"2019-04-26T15:28:54","modified_gmt":"2019-04-26T15:28:54","slug":"national-day-of-mourning-april-28th","status":"publish","type":"post","link":"https:\/\/www.ibewcanada.ca\/fr\/news\/national-day-of-mourning-april-28th\/","title":{"rendered":"Jour de deuil national &#8211; 28 avril"},"content":{"rendered":"<p>Le Jour de deuil national tenu annuellement le 28 avril, a officiellement \u00e9t\u00e9 reconnu par le gouvernement f\u00e9d\u00e9ral en 1991, huit ans apr\u00e8s l\u2019adoption du Jour du Souvenir par le Congr\u00e8s du travail du Canada (CTC), et que depuis a \u00e9t\u00e9 r\u00e9pandu dans au moins 80 pays \u00e0 travers le monde. C\u2019est une Journ\u00e9e pour rendre hommage aux femmes et aux hommes qui ont \u00e9t\u00e9 tu\u00e9s ou devenus malades en raison de leur travail.<\/p>\n<p>La FIOE a \u00e9t\u00e9 fond\u00e9e par des travailleurs qui d\u00e9siraient am\u00e9liorer la s\u00e9curit\u00e9 sur les lieux de travail. Notre syndicat a \u00e9t\u00e9 cr\u00e9\u00e9 pour r\u00e9pondre au besoin de s\u00e9curit\u00e9 puisqu\u2019un travailleur en \u00e9lectricit\u00e9 sur deux perdait la vie sur les lieux de travail tous les jours; notre pr\u00e9sident fondateur Henry Miller est m\u00eame d\u00e9c\u00e9d\u00e9 suite \u00e0 un accident sur les lieux de travail. Aujourd\u2019hui, la s\u00e9curit\u00e9 demeure la priorit\u00e9 du mandat des sections locales. La s\u00e9curit\u00e9 est primordiale pour la FIOE!<\/p>\n<p>En lien avec le Jour de deuil national de cette ann\u00e9e, le th\u00e8me pour ce 28 avril est\u00a0: \u00ab\u2009<strong>Un seul, c\u2019est de trop\u00a0: personne ne devrait mourir au travail\u2009<\/strong>\u00bb. Aucune travailleuse et aucun travailleur ne devrait perdre la vie en raison de son travail; les travailleuses et travailleurs m\u00e9ritent de rentrer chez eux en toute s\u00e9curit\u00e9 \u00e0 la fin de leur journ\u00e9e de travail, mais trop de travailleuses et travailleurs perdent la vie \u00e0 cause de leur travail. Les accidents et les maladies li\u00e9s au travail sont \u00e9vitables et ne devraient jamais \u00eatre consid\u00e9r\u00e9s comme\u00a0: \u00ab\u2009\u00e7a fait partie du travail\u2009\u00bb. Les statistiques d\u00e9montrent que les blessures, les accidents et les maladies sont probablement insuffisamment signal\u00e9s; nous pouvons et nous devons en faire davantage pour pr\u00e9venir les d\u00e9c\u00e8s en raison du travail! Les mesures de pr\u00e9vention telles que\u00a0: des inspections proactives, des r\u00e9gimes d\u2019application stricte, des comit\u00e9s de sant\u00e9 et s\u00e9curit\u00e9 solides et des approches syst\u00e9matiques vis-\u00e0-vis la pr\u00e9vention sont n\u00e9cessaires. Investir dans la pr\u00e9vention est la meilleure chose que nous puissions faire pour assurer leur s\u00e9curit\u00e9 afin de leur permettre de retrouver leurs proches \u00e0 la fin de la journ\u00e9e.<\/p>\n<p>Le 28 avril est La Journ\u00e9e pour se souvenir de ceux et de celles qui ont perdu la vie et de ceux et de celles qui ont \u00e9t\u00e9 boulevers\u00e9es \u00e0 jamais en raison d\u2019un \u00e9v\u00e8nement survenu dans leur milieu de travail. C\u2019est \u00e9galement une Journ\u00e9e o\u00f9 l\u2019on agit afin d\u2019avoir un milieu de travail s\u00e9curitaire et sain pour gagner notre vie. Donc, le dimanche 28 avril, placer vos drapeaux en berne, placer des rubans ou des brassards de couleur noire ou quel que soit vos vigiles traditionnelles\/c\u00e9r\u00e9monie pour observer des moments de silence en compagnie de votre famille, ami(e)s et coll\u00e8gues. Notre pr\u00e9sence aux c\u00e9r\u00e9monies sensibilisera davantage l\u2019importance de comm\u00e9morer le Jour de deuil national et insistera tous les paliers du gouvernement de faire respecter les lois existantes relatives \u00e0 la sant\u00e9 et \u00e0 la s\u00e9curit\u00e9 et de poursuivre vigoureusement toutes violations associ\u00e9es \u00e0 une travailleuse et un travailleur qui ont \u00e9t\u00e9 tu\u00e9s ou gravement bless\u00e9s. Vous pouvez vous rendre sur le lien suivant afin de conna\u00eetre les \u00e9v\u00e8nements qui auront lieu pr\u00e8s de chez vous\u00a0: <a href=\"https:\/\/congresdutravail.ca\/events\/ceremonies-du-jour-de-deuil-2019\/\">https:\/\/congresdutravail.ca\/events\/ceremonies-du-jour-de-deuil-2019\/<\/a>.<\/p>\n<p>Nous le devons aux familles qui ont perdu leurs proches en raison des accidents \u00e9vitables et de maladies relatifs au travail et de continuer \u00e0 lutter pour les travailleuses et travailleurs d\u2019aujourd\u2019hui.<\/p>\n<p>&nbsp;<\/p>\n","protected":false},"excerpt":{"rendered":"<p>Le Jour de deuil national tenu annuellement le 28 avril, a officiellement \u00e9t\u00e9 reconnu par le gouvernement f\u00e9d\u00e9ral en 1991, huit ans apr\u00e8s l\u2019adoption du Jour du Souvenir par le Congr\u00e8s du travail du Canada (CTC), et que depuis a \u00e9t\u00e9 r\u00e9pandu dans au moins 80 pays \u00e0 travers le monde. C\u2019est une Journ\u00e9e pour&#8230;<\/p>\n","protected":false},"author":4,"featured_media":0,"comment_status":"open","ping_status":"closed","sticky":false,"template":"","format":"standard","meta":{"_acf_changed":false,"_genesis_hide_title":false,"_genesis_hide_breadcrumbs":false,"_genesis_hide_singular_image":false,"_genesis_hide_footer_widgets":false,"_genesis_custom_body_class":"","_genesis_custom_post_class":"","_genesis_layout":"","footnotes":""},"categories":[1],"tags":[],"class_list":{"0":"post-1003168","1":"post","2":"type-post","3":"status-publish","4":"format-standard","6":"category-uncategorized","7":"entry"},"translation":{"provider":"WPGlobus","version":"3.0.2","language":"fr","enabled_languages":["en","fr"],"languages":{"en":{"title":true,"content":true,"excerpt":false},"fr":{"title":true,"content":true,"excerpt":false}}},"acf":[],"_links":{"self":[{"href":"https:\/\/www.ibewcanada.ca\/fr\/wp-json\/wp\/v2\/posts\/1003168","targetHints":{"allow":["GET"]}}],"collection":[{"href":"https:\/\/www.ibewcanada.ca\/fr\/wp-json\/wp\/v2\/posts"}],"about":[{"href":"https:\/\/www.ibewcanada.ca\/fr\/wp-json\/wp\/v2\/types\/post"}],"author":[{"embeddable":true,"href":"https:\/\/www.ibewcanada.ca\/fr\/wp-json\/wp\/v2\/users\/4"}],"replies":[{"embeddable":true,"href":"https:\/\/www.ibewcanada.ca\/fr\/wp-json\/wp\/v2\/comments?post=1003168"}],"version-history":[{"count":0,"href":"https:\/\/www.ibewcanada.ca\/fr\/wp-json\/wp\/v2\/posts\/1003168\/revisions"}],"wp:attachment":[{"href":"https:\/\/www.ibewcanada.ca\/fr\/wp-json\/wp\/v2\/media?parent=1003168"}],"wp:term":[{"taxonomy":"category","embeddable":true,"href":"https:\/\/www.ibewcanada.ca\/fr\/wp-json\/wp\/v2\/categories?post=1003168"},{"taxonomy":"post_tag","embeddable":true,"href":"https:\/\/www.ibewcanada.ca\/fr\/wp-json\/wp\/v2\/tags?post=1003168"}],"curies":[{"name":"wp","href":"https:\/\/api.w.org\/{rel}","templated":true}]}}