{"id":1002931,"date":"2019-02-15T15:17:30","date_gmt":"2019-02-15T15:17:30","guid":{"rendered":"https:\/\/www.ibewcanada.ca\/?p=1002931"},"modified":"2019-02-15T15:30:26","modified_gmt":"2019-02-15T15:30:26","slug":"family-day-message-february-18-2019","status":"publish","type":"post","link":"https:\/\/www.ibewcanada.ca\/fr\/news\/family-day-message-february-18-2019\/","title":{"rendered":"MESSAGE POUR FAMILY DAY (LA JOURN\u00c9E DES FAMILLES) &#8211; 18 F\u00c9VRIER 2019"},"content":{"rendered":"<p><em>Family Day<\/em> (la Journ\u00e9e des familles) est c\u00e9l\u00e9br\u00e9e le troisi\u00e8me lundi du mois de f\u00e9vrier dans les provinces canadiennes du Nouveau-Brunswick, de l\u2019Alberta, de l\u2019Ontario, de la Saskatchewan et le Nouveau-Brunswick. C\u2019est une c\u00e9l\u00e9bration pour souligner l\u2019importance des familles et la vie familiale et de leurs communaut\u00e9s.<\/p>\n<p>L\u2019histoire \u00e0 l\u2019origine de <em>Family Day <\/em>date depuis 1990 o\u00f9 cette Journ\u00e9e a \u00e9t\u00e9 c\u00e9l\u00e9br\u00e9e pour la premi\u00e8re fois au Canada dans la province de l\u2019Alberta. Elle est cens\u00e9e refl\u00e9ter les valeurs de la famille et du foyer auxquelles les pionniers qui ont fond\u00e9 l\u2019Alberta y accordent de l\u2019importance ainsi que de donner la chance aux travailleurs de passer plus de temps aupr\u00e8s de leurs familles. La Journ\u00e9e des familles fut \u00e9tablie en Saskatchewan en 2007 et en Ontario en 2008. La Colombie-Britannique la reconna\u00eet \u00e0 titre de cong\u00e9 statuaire pour la premi\u00e8re fois en 2013. Une des principales raisons pour laquelle cette journ\u00e9e fut introduite repose sur le fait qu\u2019il y avait une longue p\u00e9riode durant laquelle il n\u2019y avait aucun cong\u00e9 entre le Jour de l\u2019an et le Vendredi saint.<\/p>\n<p>Au Manitoba, cette journ\u00e9e est reconnue sous le nom de <a href=\"https:\/\/www.gov.mb.ca\/chc\/louis_riel\/index.fr.html\">Journ\u00e9e Louis Riel<\/a>, en Nouvelle-\u00c9cosse, elle est la <a href=\"https:\/\/heritageday.novascotia.ca\/content\/la-journ%C3%A9e-du-patrimoine-de-la-nouvelle-%C3%A9cosse\">Journ\u00e9e du patrimoine de la Nouvelle-\u00c9cosse<\/a> et \u00e0 l\u2019\u00cele-du-Prince-\u00c9douard, elle est la <a href=\"https:\/\/publicholidays.net\/islander-day\/\">F\u00eate des Insulaires<\/a> <em>(Prenez note que ce dernier lien est en anglais).<\/em><\/p>\n<p>Veuillez saisir cette occasion pour passer du temps avec votre famille et profitez des avantages que vous procurent ces moments pass\u00e9s ensemble. Plusieurs compagnies priv\u00e9es, ainsi que des organisations syndicales et les bureaux du gouvernement prendront cong\u00e9 au nom de ce cong\u00e9 statuaire. Le bureau du Premier District soulignera \u00e9galement cette Journ\u00e9e et rouvrira son bureau le mardi 19 f\u00e9vrier 2019.<\/p>\n","protected":false},"excerpt":{"rendered":"<p>Family Day (la Journ\u00e9e des familles) est c\u00e9l\u00e9br\u00e9e le troisi\u00e8me lundi du mois de f\u00e9vrier dans les provinces canadiennes du Nouveau-Brunswick, de l\u2019Alberta, de l\u2019Ontario, de la Saskatchewan et le Nouveau-Brunswick. C\u2019est une c\u00e9l\u00e9bration pour souligner l\u2019importance des familles et la vie familiale et de leurs communaut\u00e9s. L\u2019histoire \u00e0 l\u2019origine de Family Day date depuis&#8230;<\/p>\n","protected":false},"author":4,"featured_media":0,"comment_status":"open","ping_status":"closed","sticky":false,"template":"","format":"standard","meta":{"_acf_changed":false,"_genesis_hide_title":false,"_genesis_hide_breadcrumbs":false,"_genesis_hide_singular_image":false,"_genesis_hide_footer_widgets":false,"_genesis_custom_body_class":"","_genesis_custom_post_class":"","_genesis_layout":"","footnotes":""},"categories":[1],"tags":[],"class_list":{"0":"post-1002931","1":"post","2":"type-post","3":"status-publish","4":"format-standard","6":"category-uncategorized","7":"entry"},"translation":{"provider":"WPGlobus","version":"3.0.2","language":"fr","enabled_languages":["en","fr"],"languages":{"en":{"title":true,"content":true,"excerpt":false},"fr":{"title":true,"content":true,"excerpt":false}}},"acf":[],"_links":{"self":[{"href":"https:\/\/www.ibewcanada.ca\/fr\/wp-json\/wp\/v2\/posts\/1002931","targetHints":{"allow":["GET"]}}],"collection":[{"href":"https:\/\/www.ibewcanada.ca\/fr\/wp-json\/wp\/v2\/posts"}],"about":[{"href":"https:\/\/www.ibewcanada.ca\/fr\/wp-json\/wp\/v2\/types\/post"}],"author":[{"embeddable":true,"href":"https:\/\/www.ibewcanada.ca\/fr\/wp-json\/wp\/v2\/users\/4"}],"replies":[{"embeddable":true,"href":"https:\/\/www.ibewcanada.ca\/fr\/wp-json\/wp\/v2\/comments?post=1002931"}],"version-history":[{"count":0,"href":"https:\/\/www.ibewcanada.ca\/fr\/wp-json\/wp\/v2\/posts\/1002931\/revisions"}],"wp:attachment":[{"href":"https:\/\/www.ibewcanada.ca\/fr\/wp-json\/wp\/v2\/media?parent=1002931"}],"wp:term":[{"taxonomy":"category","embeddable":true,"href":"https:\/\/www.ibewcanada.ca\/fr\/wp-json\/wp\/v2\/categories?post=1002931"},{"taxonomy":"post_tag","embeddable":true,"href":"https:\/\/www.ibewcanada.ca\/fr\/wp-json\/wp\/v2\/tags?post=1002931"}],"curies":[{"name":"wp","href":"https:\/\/api.w.org\/{rel}","templated":true}]}}