{"id":1002805,"date":"2018-11-30T15:00:03","date_gmt":"2018-11-30T15:00:03","guid":{"rendered":"https:\/\/www.ibewcanada.ca\/?p=1002805"},"modified":"2018-12-03T16:40:18","modified_gmt":"2018-12-03T16:40:18","slug":"1st-district-international-representative-cheryl-paron","status":"publish","type":"post","link":"https:\/\/www.ibewcanada.ca\/fr\/news\/1st-district-international-representative-cheryl-paron\/","title":{"rendered":"REPR\u00c9SENTANTE INTERNATIONALE DU PREMIER DISTRICT \u2014 CHERYL PARON"},"content":{"rendered":"<p>La cons\u0153ur Cheryl Paron de la section locale 2228 de la FIOE a \u00e9t\u00e9 nomm\u00e9e par le pr\u00e9sident international Lonnie Stephenson \u00e0 titre de repr\u00e9sentante internationale du Premier District de la FIOE. Elle assumera son r\u00f4le \u00e0 compter du 1<sup>er<\/sup> d\u00e9cembre 2018.<\/p>\n<p>Depuis les huit (8) derni\u00e8res ann\u00e9es, la cons\u0153ur Paron travaille chez NAV Canada; une\u00a0entreprise \u00e0 l\u2019\u00e9chelle nationale qui d\u00e9tient et exploite le syst\u00e8me de navigation a\u00e9rienne civile du Canada \u00ab SNA \u00bb. En plus de ses responsabilit\u00e9s chez NAV Canada, la cons\u0153ur Paron\u00a0\u00e9tait membre du comit\u00e9 ex\u00e9cutif\u00a0au sein de la section locale 2228 et en tant que pr\u00e9sidente du comit\u00e9 de la communication et de la reconnaissance des femmes (Women\u2019s and Communication and Recognition Committee).<\/p>\n<p>La cons\u0153ur Paron assumera la responsabilit\u00e9 de plusieurs dossiers qui portent sur la sensibilisation de la diversit\u00e9 et de l\u2019inclusion, y compris l\u2019initiative <em>NextGen<\/em> du Premier District de la FIOE et les comit\u00e9s destin\u00e9s aux femmes des sections locales.<\/p>\n","protected":false},"excerpt":{"rendered":"<p>La cons\u0153ur Cheryl Paron de la section locale 2228 de la FIOE a \u00e9t\u00e9 nomm\u00e9e par le pr\u00e9sident international Lonnie Stephenson \u00e0 titre de repr\u00e9sentante internationale du Premier District de la FIOE. Elle assumera son r\u00f4le \u00e0 compter du 1er d\u00e9cembre 2018. Depuis les huit (8) derni\u00e8res ann\u00e9es, la cons\u0153ur Paron travaille chez NAV Canada;&#8230;<\/p>\n","protected":false},"author":4,"featured_media":0,"comment_status":"open","ping_status":"closed","sticky":false,"template":"","format":"standard","meta":{"_acf_changed":false,"_genesis_hide_title":false,"_genesis_hide_breadcrumbs":false,"_genesis_hide_singular_image":false,"_genesis_hide_footer_widgets":false,"_genesis_custom_body_class":"","_genesis_custom_post_class":"","_genesis_layout":"","footnotes":""},"categories":[1],"tags":[],"class_list":{"0":"post-1002805","1":"post","2":"type-post","3":"status-publish","4":"format-standard","6":"category-uncategorized","7":"entry"},"translation":{"provider":"WPGlobus","version":"3.0.2","language":"fr","enabled_languages":["en","fr"],"languages":{"en":{"title":true,"content":true,"excerpt":false},"fr":{"title":true,"content":true,"excerpt":false}}},"acf":[],"_links":{"self":[{"href":"https:\/\/www.ibewcanada.ca\/fr\/wp-json\/wp\/v2\/posts\/1002805","targetHints":{"allow":["GET"]}}],"collection":[{"href":"https:\/\/www.ibewcanada.ca\/fr\/wp-json\/wp\/v2\/posts"}],"about":[{"href":"https:\/\/www.ibewcanada.ca\/fr\/wp-json\/wp\/v2\/types\/post"}],"author":[{"embeddable":true,"href":"https:\/\/www.ibewcanada.ca\/fr\/wp-json\/wp\/v2\/users\/4"}],"replies":[{"embeddable":true,"href":"https:\/\/www.ibewcanada.ca\/fr\/wp-json\/wp\/v2\/comments?post=1002805"}],"version-history":[{"count":1,"href":"https:\/\/www.ibewcanada.ca\/fr\/wp-json\/wp\/v2\/posts\/1002805\/revisions"}],"predecessor-version":[{"id":1011331,"href":"https:\/\/www.ibewcanada.ca\/fr\/wp-json\/wp\/v2\/posts\/1002805\/revisions\/1011331"}],"wp:attachment":[{"href":"https:\/\/www.ibewcanada.ca\/fr\/wp-json\/wp\/v2\/media?parent=1002805"}],"wp:term":[{"taxonomy":"category","embeddable":true,"href":"https:\/\/www.ibewcanada.ca\/fr\/wp-json\/wp\/v2\/categories?post=1002805"},{"taxonomy":"post_tag","embeddable":true,"href":"https:\/\/www.ibewcanada.ca\/fr\/wp-json\/wp\/v2\/tags?post=1002805"}],"curies":[{"name":"wp","href":"https:\/\/api.w.org\/{rel}","templated":true}]}}