{"id":1002374,"date":"2018-10-05T14:00:57","date_gmt":"2018-10-05T14:00:57","guid":{"rendered":"https:\/\/www.ibewcanada.ca\/?p=1002374"},"modified":"2018-10-05T23:54:45","modified_gmt":"2018-10-05T23:54:45","slug":"giving-thanks","status":"publish","type":"post","link":"https:\/\/www.ibewcanada.ca\/fr\/news\/giving-thanks\/","title":{"rendered":"Exprimer sa reconnaissance"},"content":{"rendered":"<p><em>Bonjour,<\/em><\/p>\n<p><em>C\u2019est depuis la fin du 15e si\u00e8cle qu\u2019on constate une c\u00e9l\u00e9bration pour souligner le Jour de l\u2019Action de gr\u00e2ce sur le territoire canadien, mais c\u2019est seulement que depuis le 31 janvier 1957 que le deuxi\u00e8me lundi d\u2019octobre a \u00e9t\u00e9 attribu\u00e9 par le Parlement comme le \u00ab jour g\u00e9n\u00e9ral d\u2019Action de gr\u00e2ce. \u00bb<\/em><\/p>\n<p><em>Prenez plaisir \u00e0 c\u00e9l\u00e9brer ce Jour et tenons bien s\u00fbr \u00e0 exprimer notre reconnaissance \u00e0 tous les travailleurs qui nous ont pr\u00e9c\u00e9d\u00e9s, ils ont forg\u00e9 notre mouvement syndical. C\u2019est gr\u00e2ce \u00e0 eux si nous pouvons r\u00e9colter le fruit de leur labeur \u00e0 travers les n\u00e9gociations de nos conventions collectives et les l\u00e9gislations si vaillamment battues pour les mettre en place.<\/em><\/p>\n<p><em>Je souhaite que le long week-end de l\u2019Action de gr\u00e2ce vous soit des plus agr\u00e9ables et pass\u00e9 en toute s\u00e9curit\u00e9; prenez le temps de passer du temps avec votre famille et vos amis et mettez de c\u00f4t\u00e9 le stress que peut engendrer votre travail dans votre vie quotidienne et rendons gr\u00e2ce \u00e0 toutes les b\u00e9n\u00e9dictions dont nous jouissons dans vos vies.<\/em><\/p>\n<p><em>Je vous souhaite une belle f\u00eate \u00e0 l\u2019occasion de l\u2019Action de gr\u00e2ce.<\/em><\/p>\n<p><em>En toute solidarit\u00e9,<\/em><\/p>\n<p><em>Tom Reid, VPI<\/em><\/p>\n","protected":false},"excerpt":{"rendered":"<p>Bonjour, C\u2019est depuis la fin du 15e si\u00e8cle qu\u2019on constate une c\u00e9l\u00e9bration pour souligner le Jour de l\u2019Action de gr\u00e2ce sur le territoire canadien, mais c\u2019est seulement que depuis le 31 janvier 1957 que le deuxi\u00e8me lundi d\u2019octobre a \u00e9t\u00e9 attribu\u00e9 par le Parlement comme le \u00ab jour g\u00e9n\u00e9ral d\u2019Action de gr\u00e2ce. \u00bb Prenez plaisir&#8230;<\/p>\n","protected":false},"author":4,"featured_media":0,"comment_status":"open","ping_status":"closed","sticky":false,"template":"","format":"standard","meta":{"_acf_changed":false,"_genesis_hide_title":false,"_genesis_hide_breadcrumbs":false,"_genesis_hide_singular_image":false,"_genesis_hide_footer_widgets":false,"_genesis_custom_body_class":"","_genesis_custom_post_class":"","_genesis_layout":"","footnotes":""},"categories":[1],"tags":[],"class_list":{"0":"post-1002374","1":"post","2":"type-post","3":"status-publish","4":"format-standard","6":"category-uncategorized","7":"entry"},"translation":{"provider":"WPGlobus","version":"3.0.2","language":"fr","enabled_languages":["en","fr"],"languages":{"en":{"title":true,"content":true,"excerpt":false},"fr":{"title":true,"content":true,"excerpt":false}}},"acf":[],"_links":{"self":[{"href":"https:\/\/www.ibewcanada.ca\/fr\/wp-json\/wp\/v2\/posts\/1002374","targetHints":{"allow":["GET"]}}],"collection":[{"href":"https:\/\/www.ibewcanada.ca\/fr\/wp-json\/wp\/v2\/posts"}],"about":[{"href":"https:\/\/www.ibewcanada.ca\/fr\/wp-json\/wp\/v2\/types\/post"}],"author":[{"embeddable":true,"href":"https:\/\/www.ibewcanada.ca\/fr\/wp-json\/wp\/v2\/users\/4"}],"replies":[{"embeddable":true,"href":"https:\/\/www.ibewcanada.ca\/fr\/wp-json\/wp\/v2\/comments?post=1002374"}],"version-history":[{"count":0,"href":"https:\/\/www.ibewcanada.ca\/fr\/wp-json\/wp\/v2\/posts\/1002374\/revisions"}],"wp:attachment":[{"href":"https:\/\/www.ibewcanada.ca\/fr\/wp-json\/wp\/v2\/media?parent=1002374"}],"wp:term":[{"taxonomy":"category","embeddable":true,"href":"https:\/\/www.ibewcanada.ca\/fr\/wp-json\/wp\/v2\/categories?post=1002374"},{"taxonomy":"post_tag","embeddable":true,"href":"https:\/\/www.ibewcanada.ca\/fr\/wp-json\/wp\/v2\/tags?post=1002374"}],"curies":[{"name":"wp","href":"https:\/\/api.w.org\/{rel}","templated":true}]}}